{"id":18,"date":"2025-04-01T05:26:52","date_gmt":"2025-04-01T05:26:52","guid":{"rendered":"https:\/\/profilotelekom.com\/?p=18"},"modified":"2025-04-01T05:26:53","modified_gmt":"2025-04-01T05:26:53","slug":"hakkimizda","status":"publish","type":"post","link":"https:\/\/profilotelekom.com\/?p=18","title":{"rendered":"Hakk\u0131m\u0131zda"},"content":{"rendered":"\n<p><strong>Profilo Telekom<\/strong>, bireysel ve kurumsal m\u00fc\u015fterilere y\u00f6nelik yenilik\u00e7i telekom\u00fcnikasyon \u00e7\u00f6z\u00fcmleri sunan teknoloji odakl\u0131 bir \u015firkettir. \u0130nternet, VoIP, altyap\u0131 hizmetleri, bulut sistemleri ve dijital ileti\u015fim \u00e7\u00f6z\u00fcmleri konusunda uzmanla\u015fm\u0131\u015f dinamik bir ekibe sahibiz.<\/p>\n\n\n\n<p>H\u0131zl\u0131 de\u011fi\u015fen dijital d\u00fcnyada m\u00fc\u015fterilerimizin ileti\u015fim altyap\u0131s\u0131n\u0131 daha g\u00fcvenli, kesintisiz ve verimli hale getirmeyi hedefliyoruz. M\u00fc\u015fteri memnuniyeti, kalite ve g\u00fcvenilirlik temel ilkelerimizdir.<\/p>\n\n\n\n<h2 class=\"wp-block-heading\">Hizmet Alanlar\u0131m\u0131z<\/h2>\n\n\n\n<ul>\n<li>Kurumsal internet ve veri ileti\u015fimi \u00e7\u00f6z\u00fcmleri<\/li>\n\n\n\n<li>VoIP, sanal santral ve \u00e7a\u011fr\u0131 merkezi altyap\u0131s\u0131<\/li>\n\n\n\n<li>Fiber internet ve \u00f6zel a\u011f kurulumu<\/li>\n\n\n\n<li>Bulut tabanl\u0131 ileti\u015fim sistemleri<\/li>\n\n\n\n<li>Teknik destek ve servis y\u00f6netimi<\/li>\n<\/ul>\n\n\n\n<h2 class=\"wp-block-heading\">Vizyonumuz<\/h2>\n\n\n\n<p>T\u00fcrkiye&#8217;nin en yenilik\u00e7i ve g\u00fcvenilir dijital ileti\u015fim servis sa\u011flay\u0131c\u0131lar\u0131ndan biri olmak.<\/p>\n\n\n\n<h2 class=\"wp-block-heading\">Misyonumuz<\/h2>\n\n\n\n<p>M\u00fc\u015fterilerimizin ileti\u015fim ihtiya\u00e7lar\u0131n\u0131 y\u00fcksek teknoloji ve s\u00fcrd\u00fcr\u00fclebilir \u00e7\u00f6z\u00fcmlerle kar\u015f\u0131lamak.<\/p>\n\n\n\n<p><strong>\u0130leti\u015fimde h\u0131z, g\u00fcven ve teknoloji: Profilo Telekom ile tan\u0131\u015f\u0131n.<\/strong><\/p>\n","protected":false},"excerpt":{"rendered":"<p>Profilo Telekom, bireysel ve kurumsal m\u00fc\u015fterilere y\u00f6nelik yenilik\u00e7i telekom\u00fcnikasyon \u00e7\u00f6z\u00fcmleri sunan teknoloji odakl\u0131 bir \u015firkettir. \u0130nternet, VoIP, altyap\u0131 hizmetleri, bulut sistemleri ve dijital ileti\u015fim \u00e7\u00f6z\u00fcmleri konusunda uzmanla\u015fm\u0131\u015f dinamik bir ekibe sahibiz. H\u0131zl\u0131 de\u011fi\u015fen dijital d\u00fcnyada m\u00fc\u015fterilerimizin ileti\u015fim altyap\u0131s\u0131n\u0131 daha g\u00fcvenli, kesintisiz ve verimli hale getirmeyi hedefliyoruz. M\u00fc\u015fteri memnuniyeti, kalite ve g\u00fcvenilirlik temel ilkelerimizdir. Hizmet Alanlar\u0131m\u0131z [&hellip;]<\/p>\n","protected":false},"author":1,"featured_media":0,"comment_status":"open","ping_status":"open","sticky":false,"template":"","format":"standard","meta":{"footnotes":""},"categories":[1],"tags":[],"_links":{"self":[{"href":"https:\/\/profilotelekom.com\/index.php?rest_route=\/wp\/v2\/posts\/18"}],"collection":[{"href":"https:\/\/profilotelekom.com\/index.php?rest_route=\/wp\/v2\/posts"}],"about":[{"href":"https:\/\/profilotelekom.com\/index.php?rest_route=\/wp\/v2\/types\/post"}],"author":[{"embeddable":true,"href":"https:\/\/profilotelekom.com\/index.php?rest_route=\/wp\/v2\/users\/1"}],"replies":[{"embeddable":true,"href":"https:\/\/profilotelekom.com\/index.php?rest_route=%2Fwp%2Fv2%2Fcomments&post=18"}],"version-history":[{"count":1,"href":"https:\/\/profilotelekom.com\/index.php?rest_route=\/wp\/v2\/posts\/18\/revisions"}],"predecessor-version":[{"id":19,"href":"https:\/\/profilotelekom.com\/index.php?rest_route=\/wp\/v2\/posts\/18\/revisions\/19"}],"wp:attachment":[{"href":"https:\/\/profilotelekom.com\/index.php?rest_route=%2Fwp%2Fv2%2Fmedia&parent=18"}],"wp:term":[{"taxonomy":"category","embeddable":true,"href":"https:\/\/profilotelekom.com\/index.php?rest_route=%2Fwp%2Fv2%2Fcategories&post=18"},{"taxonomy":"post_tag","embeddable":true,"href":"https:\/\/profilotelekom.com\/index.php?rest_route=%2Fwp%2Fv2%2Ftags&post=18"}],"curies":[{"name":"wp","href":"https:\/\/api.w.org\/{rel}","templated":true}]}}